{"id":7262,"date":"2026-01-25T18:17:50","date_gmt":"2026-01-25T18:17:50","guid":{"rendered":"http:\/\/www.associationdevalescure.fr\/www\/?p=7262"},"modified":"2026-01-27T07:35:09","modified_gmt":"2026-01-27T07:35:09","slug":"samedi-24-janvier-2026-voeux","status":"publish","type":"post","link":"http:\/\/www.associationdevalescure.fr\/www\/samedi-24-janvier-2026-voeux\/","title":{"rendered":"SAMEDI 24 JANVIER 2026 : VOEUX"},"content":{"rendered":"<p>En la salle municipale des Veyssi\u00e8res, ce samedi apr\u00e8s-midi pluvieux, plus de quatre-vingt personnes\u00a0 se sont r\u00e9jouies de se retrouver dans une ambiance chaleureuse afin d&rsquo;\u00e9voquer, entre autres, les belles sorties que l&rsquo;association leur propose pour ce premier semestre 2026. Les bavardages allaient bon\u00a0 train autour de galettes et de couronnes arros\u00e9es d&rsquo;un vin de Muscat fort appr\u00e9ci\u00e9.<\/p>\n<p>La premi\u00e8re sortie de l&rsquo;ann\u00e9e aura lieu le\u00a0<strong>5 fevrier 2026 \u00e0 LORGUES.\u00a0<\/strong>Nous visiterons le matin le merveilleux monast\u00e8re de Flayosc, nous d\u00e9jeunerons \u00e0 Lorgues et l&rsquo;apr\u00e8s-midi nous visiterons le vieux Lorgues.<\/p>\n<p>A bient\u00f4t pour de nouvelles sorties, conf\u00e9rences, promenades !<\/p>\n<p><img loading=\"lazy\" class=\"size-full wp-image-1987 aligncenter\" src=\"http:\/\/www.associationdevalescure.fr\/www\/wp-content\/uploads\/2019\/01\/Image9.jpg\" alt=\"\" width=\"306\" height=\"242\" srcset=\"http:\/\/www.associationdevalescure.fr\/www\/wp-content\/uploads\/2019\/01\/Image9.jpg 306w, http:\/\/www.associationdevalescure.fr\/www\/wp-content\/uploads\/2019\/01\/Image9-300x237.jpg 300w\" sizes=\"(max-width: 306px) 100vw, 306px\" \/><\/p>\n<p>&nbsp;<\/p>\n<p>&nbsp;<\/p>\n<p>&nbsp;<\/p>\n<p>&nbsp;<\/p>\n<p><span style=\"text-decoration: underline;\"><strong>Sortie \u00e0 Lorgues le 5 f\u00e9vrier 2026 :<\/strong><\/span><\/p>\n<p>Faites un clic gauche sur le lien en rouge ci-dessous et vous aurez sur votre ordinateur l&rsquo;affichette de la sortie au format PDF.<\/p>\n<p><a href=\"http:\/\/www.associationdevalescure.fr\/www\/wp-content\/uploads\/2026\/01\/JEUDI-5-FEVRIER-2026.pdf\">JEUDI 5 FEVRIER 2026<\/a><\/p>\n<p>&nbsp;<\/p>\n","protected":false},"excerpt":{"rendered":"<div class=\"mh-excerpt\"><p>En la salle municipale des Veyssi\u00e8res, ce samedi apr\u00e8s-midi pluvieux, plus de quatre-vingt personnes\u00a0 se sont r\u00e9jouies de se retrouver dans une ambiance chaleureuse afin <a class=\"mh-excerpt-more\" href=\"http:\/\/www.associationdevalescure.fr\/www\/samedi-24-janvier-2026-voeux\/\" title=\"SAMEDI 24 JANVIER 2026 : VOEUX\">[&#8230;]<\/a><\/p>\n<\/div>","protected":false},"author":1,"featured_media":6671,"comment_status":"closed","ping_status":"closed","sticky":false,"template":"","format":"standard","meta":[],"categories":[12],"tags":[],"yoast_head":"<!-- This site is optimized with the Yoast SEO plugin v16.1.1 - https:\/\/yoast.com\/wordpress\/plugins\/seo\/ -->\n<title>SAMEDI 24 JANVIER 2026 : VOEUX &middot; Association de Valescure Fr\u00e9jus \/ Saint-Rapha\u00ebl<\/title>\n<meta name=\"description\" content=\"association, loi 1901, valescure, frejus, saint-raphael, cadre de vie, fernez, qualite de vie, urbanisme, environnement, patrimoine\" \/>\n<link rel=\"canonical\" href=\"http:\/\/www.associationdevalescure.fr\/www\/samedi-24-janvier-2026-voeux\/\" \/>\n<meta property=\"og:locale\" content=\"fr_FR\" \/>\n<meta property=\"og:type\" content=\"article\" \/>\n<meta property=\"og:title\" content=\"SAMEDI 24 JANVIER 2026 : VOEUX &middot; Association de Valescure Fr\u00e9jus \/ Saint-Rapha\u00ebl\" \/>\n<meta property=\"og:description\" content=\"association, loi 1901, valescure, frejus, saint-raphael, cadre de vie, fernez, qualite de vie, urbanisme, environnement, patrimoine\" \/>\n<meta property=\"og:url\" content=\"http:\/\/www.associationdevalescure.fr\/www\/samedi-24-janvier-2026-voeux\/\" \/>\n<meta property=\"og:site_name\" content=\"Association de Valescure Fr\u00e9jus \/ Saint-Rapha\u00ebl\" \/>\n<meta property=\"article:publisher\" content=\"https:\/\/www.facebook.com\/Association-de-valescure-249298192447460\/\" \/>\n<meta property=\"article:published_time\" content=\"2026-01-25T18:17:50+00:00\" \/>\n<meta property=\"article:modified_time\" content=\"2026-01-27T07:35:09+00:00\" \/>\n<meta property=\"og:image\" content=\"http:\/\/www.associationdevalescure.fr\/www\/wp-content\/uploads\/2024\/01\/galette.jpg\" \/>\n\t<meta property=\"og:image:width\" content=\"275\" \/>\n\t<meta property=\"og:image:height\" content=\"183\" \/>\n<meta name=\"twitter:card\" content=\"summary_large_image\" \/>\n<meta name=\"twitter:label1\" content=\"Dur\u00e9e de lecture est.\">\n\t<meta name=\"twitter:data1\" content=\"1 minute\">\n<script type=\"application\/ld+json\" class=\"yoast-schema-graph\">{\"@context\":\"https:\/\/schema.org\",\"@graph\":[{\"@type\":\"Organization\",\"@id\":\"https:\/\/www.associationdevalescure.fr\/www\/#organization\",\"name\":\"Association de Valescure\",\"url\":\"https:\/\/www.associationdevalescure.fr\/www\/\",\"sameAs\":[\"https:\/\/www.facebook.com\/Association-de-valescure-249298192447460\/\"],\"logo\":{\"@type\":\"ImageObject\",\"@id\":\"https:\/\/www.associationdevalescure.fr\/www\/#logo\",\"inLanguage\":\"fr-FR\",\"url\":\"http:\/\/www.associationdevalescure.fr\/www\/wp-content\/uploads\/2018\/09\/Logo-AdV-e1617347898754.jpg\",\"contentUrl\":\"http:\/\/www.associationdevalescure.fr\/www\/wp-content\/uploads\/2018\/09\/Logo-AdV-e1617347898754.jpg\",\"width\":327,\"height\":142,\"caption\":\"Association de Valescure\"},\"image\":{\"@id\":\"https:\/\/www.associationdevalescure.fr\/www\/#logo\"}},{\"@type\":\"WebSite\",\"@id\":\"https:\/\/www.associationdevalescure.fr\/www\/#website\",\"url\":\"https:\/\/www.associationdevalescure.fr\/www\/\",\"name\":\"Association de Valescure Fr\\u00e9jus \/ Saint-Rapha\\u00ebl\",\"description\":\"Pour le meilleur \\u00e0 Valescure\",\"publisher\":{\"@id\":\"https:\/\/www.associationdevalescure.fr\/www\/#organization\"},\"potentialAction\":[{\"@type\":\"SearchAction\",\"target\":\"https:\/\/www.associationdevalescure.fr\/www\/?s={search_term_string}\",\"query-input\":\"required name=search_term_string\"}],\"inLanguage\":\"fr-FR\"},{\"@type\":\"ImageObject\",\"@id\":\"http:\/\/www.associationdevalescure.fr\/www\/samedi-24-janvier-2026-voeux\/#primaryimage\",\"inLanguage\":\"fr-FR\",\"url\":\"http:\/\/www.associationdevalescure.fr\/www\/wp-content\/uploads\/2024\/01\/galette.jpg\",\"contentUrl\":\"http:\/\/www.associationdevalescure.fr\/www\/wp-content\/uploads\/2024\/01\/galette.jpg\",\"width\":275,\"height\":183},{\"@type\":\"WebPage\",\"@id\":\"http:\/\/www.associationdevalescure.fr\/www\/samedi-24-janvier-2026-voeux\/#webpage\",\"url\":\"http:\/\/www.associationdevalescure.fr\/www\/samedi-24-janvier-2026-voeux\/\",\"name\":\"SAMEDI 24 JANVIER 2026 : VOEUX &middot; Association de Valescure Fr\\u00e9jus \/ Saint-Rapha\\u00ebl\",\"isPartOf\":{\"@id\":\"https:\/\/www.associationdevalescure.fr\/www\/#website\"},\"primaryImageOfPage\":{\"@id\":\"http:\/\/www.associationdevalescure.fr\/www\/samedi-24-janvier-2026-voeux\/#primaryimage\"},\"datePublished\":\"2026-01-25T18:17:50+00:00\",\"dateModified\":\"2026-01-27T07:35:09+00:00\",\"description\":\"association, loi 1901, valescure, frejus, saint-raphael, cadre de vie, fernez, qualite de vie, urbanisme, environnement, patrimoine\",\"breadcrumb\":{\"@id\":\"http:\/\/www.associationdevalescure.fr\/www\/samedi-24-janvier-2026-voeux\/#breadcrumb\"},\"inLanguage\":\"fr-FR\",\"potentialAction\":[{\"@type\":\"ReadAction\",\"target\":[\"http:\/\/www.associationdevalescure.fr\/www\/samedi-24-janvier-2026-voeux\/\"]}]},{\"@type\":\"BreadcrumbList\",\"@id\":\"http:\/\/www.associationdevalescure.fr\/www\/samedi-24-janvier-2026-voeux\/#breadcrumb\",\"itemListElement\":[{\"@type\":\"ListItem\",\"position\":1,\"item\":{\"@type\":\"WebPage\",\"@id\":\"https:\/\/www.associationdevalescure.fr\/www\/\",\"url\":\"https:\/\/www.associationdevalescure.fr\/www\/\",\"name\":\"Accueil\"}},{\"@type\":\"ListItem\",\"position\":2,\"item\":{\"@type\":\"WebPage\",\"@id\":\"http:\/\/www.associationdevalescure.fr\/www\/samedi-24-janvier-2026-voeux\/\",\"url\":\"http:\/\/www.associationdevalescure.fr\/www\/samedi-24-janvier-2026-voeux\/\",\"name\":\"SAMEDI 24 JANVIER 2026 : VOEUX\"}}]},{\"@type\":\"Article\",\"@id\":\"http:\/\/www.associationdevalescure.fr\/www\/samedi-24-janvier-2026-voeux\/#article\",\"isPartOf\":{\"@id\":\"http:\/\/www.associationdevalescure.fr\/www\/samedi-24-janvier-2026-voeux\/#webpage\"},\"author\":{\"@id\":\"https:\/\/www.associationdevalescure.fr\/www\/#\/schema\/person\/a0361f4f399a5d0bbe349a322ab530be\"},\"headline\":\"SAMEDI 24 JANVIER 2026 : VOEUX\",\"datePublished\":\"2026-01-25T18:17:50+00:00\",\"dateModified\":\"2026-01-27T07:35:09+00:00\",\"mainEntityOfPage\":{\"@id\":\"http:\/\/www.associationdevalescure.fr\/www\/samedi-24-janvier-2026-voeux\/#webpage\"},\"publisher\":{\"@id\":\"https:\/\/www.associationdevalescure.fr\/www\/#organization\"},\"image\":{\"@id\":\"http:\/\/www.associationdevalescure.fr\/www\/samedi-24-janvier-2026-voeux\/#primaryimage\"},\"articleSection\":\"Activit\\u00e9s et sorties sur inscription\",\"inLanguage\":\"fr-FR\"},{\"@type\":\"Person\",\"@id\":\"https:\/\/www.associationdevalescure.fr\/www\/#\/schema\/person\/a0361f4f399a5d0bbe349a322ab530be\",\"name\":\"Daniele Deckmyn et Jean-Jacques Verhaeghe\",\"image\":{\"@type\":\"ImageObject\",\"@id\":\"https:\/\/www.associationdevalescure.fr\/www\/#personlogo\",\"inLanguage\":\"fr-FR\",\"url\":\"http:\/\/2.gravatar.com\/avatar\/beb187203ca5cf2c66480c0f2806db39?s=96&d=mm&r=g\",\"contentUrl\":\"http:\/\/2.gravatar.com\/avatar\/beb187203ca5cf2c66480c0f2806db39?s=96&d=mm&r=g\",\"caption\":\"Daniele Deckmyn et Jean-Jacques Verhaeghe\"},\"sameAs\":[\"http:\/\/associationdevalescure.fr\"]}]}<\/script>\n<!-- \/ Yoast SEO plugin. -->","_links":{"self":[{"href":"http:\/\/www.associationdevalescure.fr\/www\/wp-json\/wp\/v2\/posts\/7262"}],"collection":[{"href":"http:\/\/www.associationdevalescure.fr\/www\/wp-json\/wp\/v2\/posts"}],"about":[{"href":"http:\/\/www.associationdevalescure.fr\/www\/wp-json\/wp\/v2\/types\/post"}],"author":[{"embeddable":true,"href":"http:\/\/www.associationdevalescure.fr\/www\/wp-json\/wp\/v2\/users\/1"}],"replies":[{"embeddable":true,"href":"http:\/\/www.associationdevalescure.fr\/www\/wp-json\/wp\/v2\/comments?post=7262"}],"version-history":[{"count":9,"href":"http:\/\/www.associationdevalescure.fr\/www\/wp-json\/wp\/v2\/posts\/7262\/revisions"}],"predecessor-version":[{"id":7277,"href":"http:\/\/www.associationdevalescure.fr\/www\/wp-json\/wp\/v2\/posts\/7262\/revisions\/7277"}],"wp:featuredmedia":[{"embeddable":true,"href":"http:\/\/www.associationdevalescure.fr\/www\/wp-json\/wp\/v2\/media\/6671"}],"wp:attachment":[{"href":"http:\/\/www.associationdevalescure.fr\/www\/wp-json\/wp\/v2\/media?parent=7262"}],"wp:term":[{"taxonomy":"category","embeddable":true,"href":"http:\/\/www.associationdevalescure.fr\/www\/wp-json\/wp\/v2\/categories?post=7262"},{"taxonomy":"post_tag","embeddable":true,"href":"http:\/\/www.associationdevalescure.fr\/www\/wp-json\/wp\/v2\/tags?post=7262"}],"curies":[{"name":"wp","href":"https:\/\/api.w.org\/{rel}","templated":true}]}}