{"id":7245,"date":"2025-12-02T18:11:58","date_gmt":"2025-12-02T18:11:58","guid":{"rendered":"http:\/\/www.associationdevalescure.fr\/www\/?p=7245"},"modified":"2026-01-25T17:56:44","modified_gmt":"2026-01-25T17:56:44","slug":"7245-2","status":"publish","type":"post","link":"http:\/\/www.associationdevalescure.fr\/www\/7245-2\/","title":{"rendered":"JEUDI 27 NOVEMBRE 2025 : CONFERENCE de CHARLES ARMAND KLEIN"},"content":{"rendered":"<p>Comme d\u2019habitude, Charles-Armand Klein, \u00e9crivain, biographe, conf\u00e9rencier, nous a encore captiv\u00e9s<br \/>\navec son excellent VICTOR HUGO EN VOYAGE \u2026 qui n&rsquo;a pas manqu\u00e9 de nous \u00e9tonner, de nous surprendre, et de nous laisser coi devant autant de pr\u00e9cisions, de d\u00e9tails concernant notre Victor Hugo, dont nous croyions tout conna\u00eetre&#8230; ou presque.<\/p>\n<p>Les d\u00e9dicaces et la d\u00e9gustation de BEAUJOLAIS NOUVEAU ont \u00e9galement fait passer un bon moment \u00e0 un peu plus de vingt personnes.<\/p>\n<p>Dommage que nous ne soyons pas plus nombreux ; la qualit\u00e9 des conf\u00e9rences de Monsieur KLEIN, le m\u00e9riterait.<\/p>\n<p>&nbsp;<\/p>\n<p><a href=\"http:\/\/www.associationdevalescure.fr\/www\/wp-content\/uploads\/2025\/12\/scanhugo_MISERABLES-Copie.jpg\"><img loading=\"lazy\" class=\"alignnone size-medium wp-image-7247\" src=\"http:\/\/www.associationdevalescure.fr\/www\/wp-content\/uploads\/2025\/12\/scanhugo_MISERABLES-Copie-243x300.jpg\" alt=\"\" width=\"243\" height=\"300\" srcset=\"http:\/\/www.associationdevalescure.fr\/www\/wp-content\/uploads\/2025\/12\/scanhugo_MISERABLES-Copie-243x300.jpg 243w, http:\/\/www.associationdevalescure.fr\/www\/wp-content\/uploads\/2025\/12\/scanhugo_MISERABLES-Copie-829x1024.jpg 829w, http:\/\/www.associationdevalescure.fr\/www\/wp-content\/uploads\/2025\/12\/scanhugo_MISERABLES-Copie-768x949.jpg 768w, http:\/\/www.associationdevalescure.fr\/www\/wp-content\/uploads\/2025\/12\/scanhugo_MISERABLES-Copie.jpg 1140w\" sizes=\"(max-width: 243px) 100vw, 243px\" \/><\/a>\u00a0 \u00a0 \u00a0 \u00a0 \u00a0 \u00a0 \u00a0 \u00a0 \u00a0 \u00a0 \u00a0 \u00a0 <a href=\"http:\/\/www.associationdevalescure.fr\/www\/wp-content\/uploads\/2025\/12\/scanhugo_JEUNE.jpg\"><img loading=\"lazy\" class=\"alignnone size-medium wp-image-7252\" src=\"http:\/\/www.associationdevalescure.fr\/www\/wp-content\/uploads\/2025\/12\/scanhugo_JEUNE-208x300.jpg\" alt=\"\" width=\"208\" height=\"300\" srcset=\"http:\/\/www.associationdevalescure.fr\/www\/wp-content\/uploads\/2025\/12\/scanhugo_JEUNE-208x300.jpg 208w, http:\/\/www.associationdevalescure.fr\/www\/wp-content\/uploads\/2025\/12\/scanhugo_JEUNE-709x1024.jpg 709w, http:\/\/www.associationdevalescure.fr\/www\/wp-content\/uploads\/2025\/12\/scanhugo_JEUNE-768x1109.jpg 768w, http:\/\/www.associationdevalescure.fr\/www\/wp-content\/uploads\/2025\/12\/scanhugo_JEUNE-1063x1536.jpg 1063w, http:\/\/www.associationdevalescure.fr\/www\/wp-content\/uploads\/2025\/12\/scanhugo_JEUNE-1418x2048.jpg 1418w, http:\/\/www.associationdevalescure.fr\/www\/wp-content\/uploads\/2025\/12\/scanhugo_JEUNE.jpg 1573w\" sizes=\"(max-width: 208px) 100vw, 208px\" \/><\/a>\u00a0 \u00a0 \u00a0 \u00a0 \u00a0 \u00a0 \u00a0 \u00a0 \u00a0 \u00a0 \u00a0 \u00a0 \u00a0 \u00a0 \u00a0 \u00a0 \u00a0 \u00a0 \u00a0 \u00a0 \u00a0<a href=\"http:\/\/www.associationdevalescure.fr\/www\/wp-content\/uploads\/2025\/12\/scanhugo1-Copie.jpg\"><img loading=\"lazy\" class=\"alignnone size-medium wp-image-7248\" src=\"http:\/\/www.associationdevalescure.fr\/www\/wp-content\/uploads\/2025\/12\/scanhugo1-Copie-197x300.jpg\" alt=\"\" width=\"197\" height=\"300\" srcset=\"http:\/\/www.associationdevalescure.fr\/www\/wp-content\/uploads\/2025\/12\/scanhugo1-Copie-197x300.jpg 197w, http:\/\/www.associationdevalescure.fr\/www\/wp-content\/uploads\/2025\/12\/scanhugo1-Copie-671x1024.jpg 671w, http:\/\/www.associationdevalescure.fr\/www\/wp-content\/uploads\/2025\/12\/scanhugo1-Copie-768x1172.jpg 768w, http:\/\/www.associationdevalescure.fr\/www\/wp-content\/uploads\/2025\/12\/scanhugo1-Copie-1007x1536.jpg 1007w, http:\/\/www.associationdevalescure.fr\/www\/wp-content\/uploads\/2025\/12\/scanhugo1-Copie.jpg 1312w\" sizes=\"(max-width: 197px) 100vw, 197px\" \/><\/a><\/p>\n<p><a href=\"http:\/\/www.associationdevalescure.fr\/www\/wp-content\/uploads\/2025\/12\/scanhugo_CANNES-LE-SUQUET.jpg\"><img loading=\"lazy\" class=\"alignnone size-medium wp-image-7250\" src=\"http:\/\/www.associationdevalescure.fr\/www\/wp-content\/uploads\/2025\/12\/scanhugo_CANNES-LE-SUQUET-300x245.jpg\" alt=\"\" width=\"300\" height=\"245\" srcset=\"http:\/\/www.associationdevalescure.fr\/www\/wp-content\/uploads\/2025\/12\/scanhugo_CANNES-LE-SUQUET-300x245.jpg 300w, http:\/\/www.associationdevalescure.fr\/www\/wp-content\/uploads\/2025\/12\/scanhugo_CANNES-LE-SUQUET-1024x836.jpg 1024w, http:\/\/www.associationdevalescure.fr\/www\/wp-content\/uploads\/2025\/12\/scanhugo_CANNES-LE-SUQUET-768x627.jpg 768w, http:\/\/www.associationdevalescure.fr\/www\/wp-content\/uploads\/2025\/12\/scanhugo_CANNES-LE-SUQUET.jpg 1135w\" sizes=\"(max-width: 300px) 100vw, 300px\" \/><\/a>\u00a0 \u00a0 \u00a0 \u00a0 \u00a0 \u00a0 \u00a0 \u00a0 \u00a0 \u00a0 \u00a0 \u00a0 \u00a0 \u00a0 \u00a0 \u00a0 \u00a0 \u00a0 \u00a0 \u00a0 \u00a0 \u00a0 \u00a0 \u00a0 \u00a0 \u00a0 \u00a0 \u00a0 \u00a0 \u00a0 \u00a0 \u00a0 \u00a0 \u00a0 \u00a0 \u00a0 \u00a0 \u00a0 \u00a0 \u00a0 \u00a0 \u00a0 \u00a0 \u00a0 \u00a0 \u00a0 \u00a0 \u00a0 \u00a0 \u00a0 \u00a0 <a href=\"http:\/\/www.associationdevalescure.fr\/www\/wp-content\/uploads\/2025\/12\/scanhugo_FREJUS.jpg\"><img loading=\"lazy\" class=\"alignnone size-medium wp-image-7251\" src=\"http:\/\/www.associationdevalescure.fr\/www\/wp-content\/uploads\/2025\/12\/scanhugo_FREJUS-300x222.jpg\" alt=\"\" width=\"300\" height=\"222\" srcset=\"http:\/\/www.associationdevalescure.fr\/www\/wp-content\/uploads\/2025\/12\/scanhugo_FREJUS-300x222.jpg 300w, http:\/\/www.associationdevalescure.fr\/www\/wp-content\/uploads\/2025\/12\/scanhugo_FREJUS-1024x758.jpg 1024w, http:\/\/www.associationdevalescure.fr\/www\/wp-content\/uploads\/2025\/12\/scanhugo_FREJUS-768x568.jpg 768w, http:\/\/www.associationdevalescure.fr\/www\/wp-content\/uploads\/2025\/12\/scanhugo_FREJUS-80x60.jpg 80w, http:\/\/www.associationdevalescure.fr\/www\/wp-content\/uploads\/2025\/12\/scanhugo_FREJUS.jpg 1397w\" sizes=\"(max-width: 300px) 100vw, 300px\" \/><\/a><\/p>\n<p><a href=\"http:\/\/www.associationdevalescure.fr\/www\/wp-content\/uploads\/2025\/12\/scanhugo_2-Copie.jpg\"><img loading=\"lazy\" class=\"size-full wp-image-7249 aligncenter\" src=\"http:\/\/www.associationdevalescure.fr\/www\/wp-content\/uploads\/2025\/12\/scanhugo_2-Copie.jpg\" alt=\"\" width=\"854\" height=\"502\" srcset=\"http:\/\/www.associationdevalescure.fr\/www\/wp-content\/uploads\/2025\/12\/scanhugo_2-Copie.jpg 854w, http:\/\/www.associationdevalescure.fr\/www\/wp-content\/uploads\/2025\/12\/scanhugo_2-Copie-300x176.jpg 300w, http:\/\/www.associationdevalescure.fr\/www\/wp-content\/uploads\/2025\/12\/scanhugo_2-Copie-768x451.jpg 768w\" sizes=\"(max-width: 854px) 100vw, 854px\" \/><\/a><\/p>\n","protected":false},"excerpt":{"rendered":"<div class=\"mh-excerpt\"><p>Comme d\u2019habitude, Charles-Armand Klein, \u00e9crivain, biographe, conf\u00e9rencier, nous a encore captiv\u00e9s avec son excellent VICTOR HUGO EN VOYAGE \u2026 qui n&rsquo;a pas manqu\u00e9 de nous <a class=\"mh-excerpt-more\" href=\"http:\/\/www.associationdevalescure.fr\/www\/7245-2\/\" title=\"JEUDI 27 NOVEMBRE 2025 : CONFERENCE de CHARLES ARMAND KLEIN\">[&#8230;]<\/a><\/p>\n<\/div>","protected":false},"author":1,"featured_media":7247,"comment_status":"closed","ping_status":"closed","sticky":false,"template":"","format":"standard","meta":[],"categories":[5],"tags":[],"yoast_head":"<!-- This site is optimized with the Yoast SEO plugin v16.1.1 - https:\/\/yoast.com\/wordpress\/plugins\/seo\/ -->\n<title>JEUDI 27 NOVEMBRE 2025 : CONFERENCE de CHARLES ARMAND KLEIN &middot; Association de Valescure Fr\u00e9jus \/ Saint-Rapha\u00ebl<\/title>\n<meta name=\"description\" content=\"association, loi 1901, valescure, frejus, saint-raphael, cadre de vie, fernez, qualite de vie, urbanisme, environnement, patrimoine\" \/>\n<link rel=\"canonical\" href=\"http:\/\/www.associationdevalescure.fr\/www\/7245-2\/\" \/>\n<meta property=\"og:locale\" content=\"fr_FR\" \/>\n<meta property=\"og:type\" content=\"article\" \/>\n<meta property=\"og:title\" content=\"JEUDI 27 NOVEMBRE 2025 : CONFERENCE de CHARLES ARMAND KLEIN &middot; Association de Valescure Fr\u00e9jus \/ Saint-Rapha\u00ebl\" \/>\n<meta property=\"og:description\" content=\"association, loi 1901, valescure, frejus, saint-raphael, cadre de vie, fernez, qualite de vie, urbanisme, environnement, patrimoine\" \/>\n<meta property=\"og:url\" content=\"http:\/\/www.associationdevalescure.fr\/www\/7245-2\/\" \/>\n<meta property=\"og:site_name\" content=\"Association de Valescure Fr\u00e9jus \/ Saint-Rapha\u00ebl\" \/>\n<meta property=\"article:publisher\" content=\"https:\/\/www.facebook.com\/Association-de-valescure-249298192447460\/\" \/>\n<meta property=\"article:published_time\" content=\"2025-12-02T18:11:58+00:00\" \/>\n<meta property=\"article:modified_time\" content=\"2026-01-25T17:56:44+00:00\" \/>\n<meta property=\"og:image\" content=\"http:\/\/www.associationdevalescure.fr\/www\/wp-content\/uploads\/2025\/12\/scanhugo_MISERABLES-Copie.jpg\" \/>\n\t<meta property=\"og:image:width\" content=\"1140\" \/>\n\t<meta property=\"og:image:height\" content=\"1409\" \/>\n<meta name=\"twitter:card\" content=\"summary_large_image\" \/>\n<meta name=\"twitter:label1\" content=\"Dur\u00e9e de lecture est.\">\n\t<meta name=\"twitter:data1\" content=\"2 minutes\">\n<script type=\"application\/ld+json\" class=\"yoast-schema-graph\">{\"@context\":\"https:\/\/schema.org\",\"@graph\":[{\"@type\":\"Organization\",\"@id\":\"https:\/\/www.associationdevalescure.fr\/www\/#organization\",\"name\":\"Association de Valescure\",\"url\":\"https:\/\/www.associationdevalescure.fr\/www\/\",\"sameAs\":[\"https:\/\/www.facebook.com\/Association-de-valescure-249298192447460\/\"],\"logo\":{\"@type\":\"ImageObject\",\"@id\":\"https:\/\/www.associationdevalescure.fr\/www\/#logo\",\"inLanguage\":\"fr-FR\",\"url\":\"http:\/\/www.associationdevalescure.fr\/www\/wp-content\/uploads\/2018\/09\/Logo-AdV-e1617347898754.jpg\",\"contentUrl\":\"http:\/\/www.associationdevalescure.fr\/www\/wp-content\/uploads\/2018\/09\/Logo-AdV-e1617347898754.jpg\",\"width\":327,\"height\":142,\"caption\":\"Association de Valescure\"},\"image\":{\"@id\":\"https:\/\/www.associationdevalescure.fr\/www\/#logo\"}},{\"@type\":\"WebSite\",\"@id\":\"https:\/\/www.associationdevalescure.fr\/www\/#website\",\"url\":\"https:\/\/www.associationdevalescure.fr\/www\/\",\"name\":\"Association de Valescure Fr\\u00e9jus \/ Saint-Rapha\\u00ebl\",\"description\":\"Pour le meilleur \\u00e0 Valescure\",\"publisher\":{\"@id\":\"https:\/\/www.associationdevalescure.fr\/www\/#organization\"},\"potentialAction\":[{\"@type\":\"SearchAction\",\"target\":\"https:\/\/www.associationdevalescure.fr\/www\/?s={search_term_string}\",\"query-input\":\"required name=search_term_string\"}],\"inLanguage\":\"fr-FR\"},{\"@type\":\"ImageObject\",\"@id\":\"http:\/\/www.associationdevalescure.fr\/www\/7245-2\/#primaryimage\",\"inLanguage\":\"fr-FR\",\"url\":\"http:\/\/www.associationdevalescure.fr\/www\/wp-content\/uploads\/2025\/12\/scanhugo_MISERABLES-Copie.jpg\",\"contentUrl\":\"http:\/\/www.associationdevalescure.fr\/www\/wp-content\/uploads\/2025\/12\/scanhugo_MISERABLES-Copie.jpg\",\"width\":1140,\"height\":1409},{\"@type\":\"WebPage\",\"@id\":\"http:\/\/www.associationdevalescure.fr\/www\/7245-2\/#webpage\",\"url\":\"http:\/\/www.associationdevalescure.fr\/www\/7245-2\/\",\"name\":\"JEUDI 27 NOVEMBRE 2025 : CONFERENCE de CHARLES ARMAND KLEIN &middot; Association de Valescure Fr\\u00e9jus \/ Saint-Rapha\\u00ebl\",\"isPartOf\":{\"@id\":\"https:\/\/www.associationdevalescure.fr\/www\/#website\"},\"primaryImageOfPage\":{\"@id\":\"http:\/\/www.associationdevalescure.fr\/www\/7245-2\/#primaryimage\"},\"datePublished\":\"2025-12-02T18:11:58+00:00\",\"dateModified\":\"2026-01-25T17:56:44+00:00\",\"description\":\"association, loi 1901, valescure, frejus, saint-raphael, cadre de vie, fernez, qualite de vie, urbanisme, environnement, patrimoine\",\"breadcrumb\":{\"@id\":\"http:\/\/www.associationdevalescure.fr\/www\/7245-2\/#breadcrumb\"},\"inLanguage\":\"fr-FR\",\"potentialAction\":[{\"@type\":\"ReadAction\",\"target\":[\"http:\/\/www.associationdevalescure.fr\/www\/7245-2\/\"]}]},{\"@type\":\"BreadcrumbList\",\"@id\":\"http:\/\/www.associationdevalescure.fr\/www\/7245-2\/#breadcrumb\",\"itemListElement\":[{\"@type\":\"ListItem\",\"position\":1,\"item\":{\"@type\":\"WebPage\",\"@id\":\"https:\/\/www.associationdevalescure.fr\/www\/\",\"url\":\"https:\/\/www.associationdevalescure.fr\/www\/\",\"name\":\"Accueil\"}},{\"@type\":\"ListItem\",\"position\":2,\"item\":{\"@type\":\"WebPage\",\"@id\":\"http:\/\/www.associationdevalescure.fr\/www\/7245-2\/\",\"url\":\"http:\/\/www.associationdevalescure.fr\/www\/7245-2\/\",\"name\":\"JEUDI 27 NOVEMBRE 2025 : CONFERENCE de CHARLES ARMAND KLEIN\"}}]},{\"@type\":\"Article\",\"@id\":\"http:\/\/www.associationdevalescure.fr\/www\/7245-2\/#article\",\"isPartOf\":{\"@id\":\"http:\/\/www.associationdevalescure.fr\/www\/7245-2\/#webpage\"},\"author\":{\"@id\":\"https:\/\/www.associationdevalescure.fr\/www\/#\/schema\/person\/a0361f4f399a5d0bbe349a322ab530be\"},\"headline\":\"JEUDI 27 NOVEMBRE 2025 : CONFERENCE de CHARLES ARMAND KLEIN\",\"datePublished\":\"2025-12-02T18:11:58+00:00\",\"dateModified\":\"2026-01-25T17:56:44+00:00\",\"mainEntityOfPage\":{\"@id\":\"http:\/\/www.associationdevalescure.fr\/www\/7245-2\/#webpage\"},\"publisher\":{\"@id\":\"https:\/\/www.associationdevalescure.fr\/www\/#organization\"},\"image\":{\"@id\":\"http:\/\/www.associationdevalescure.fr\/www\/7245-2\/#primaryimage\"},\"articleSection\":\"Activit\\u00e9s pass\\u00e9es\",\"inLanguage\":\"fr-FR\"},{\"@type\":\"Person\",\"@id\":\"https:\/\/www.associationdevalescure.fr\/www\/#\/schema\/person\/a0361f4f399a5d0bbe349a322ab530be\",\"name\":\"Daniele Deckmyn et Jean-Jacques Verhaeghe\",\"image\":{\"@type\":\"ImageObject\",\"@id\":\"https:\/\/www.associationdevalescure.fr\/www\/#personlogo\",\"inLanguage\":\"fr-FR\",\"url\":\"http:\/\/2.gravatar.com\/avatar\/beb187203ca5cf2c66480c0f2806db39?s=96&d=mm&r=g\",\"contentUrl\":\"http:\/\/2.gravatar.com\/avatar\/beb187203ca5cf2c66480c0f2806db39?s=96&d=mm&r=g\",\"caption\":\"Daniele Deckmyn et Jean-Jacques Verhaeghe\"},\"sameAs\":[\"http:\/\/associationdevalescure.fr\"]}]}<\/script>\n<!-- \/ Yoast SEO plugin. -->","_links":{"self":[{"href":"http:\/\/www.associationdevalescure.fr\/www\/wp-json\/wp\/v2\/posts\/7245"}],"collection":[{"href":"http:\/\/www.associationdevalescure.fr\/www\/wp-json\/wp\/v2\/posts"}],"about":[{"href":"http:\/\/www.associationdevalescure.fr\/www\/wp-json\/wp\/v2\/types\/post"}],"author":[{"embeddable":true,"href":"http:\/\/www.associationdevalescure.fr\/www\/wp-json\/wp\/v2\/users\/1"}],"replies":[{"embeddable":true,"href":"http:\/\/www.associationdevalescure.fr\/www\/wp-json\/wp\/v2\/comments?post=7245"}],"version-history":[{"count":7,"href":"http:\/\/www.associationdevalescure.fr\/www\/wp-json\/wp\/v2\/posts\/7245\/revisions"}],"predecessor-version":[{"id":7261,"href":"http:\/\/www.associationdevalescure.fr\/www\/wp-json\/wp\/v2\/posts\/7245\/revisions\/7261"}],"wp:featuredmedia":[{"embeddable":true,"href":"http:\/\/www.associationdevalescure.fr\/www\/wp-json\/wp\/v2\/media\/7247"}],"wp:attachment":[{"href":"http:\/\/www.associationdevalescure.fr\/www\/wp-json\/wp\/v2\/media?parent=7245"}],"wp:term":[{"taxonomy":"category","embeddable":true,"href":"http:\/\/www.associationdevalescure.fr\/www\/wp-json\/wp\/v2\/categories?post=7245"},{"taxonomy":"post_tag","embeddable":true,"href":"http:\/\/www.associationdevalescure.fr\/www\/wp-json\/wp\/v2\/tags?post=7245"}],"curies":[{"name":"wp","href":"https:\/\/api.w.org\/{rel}","templated":true}]}}